{"id":297,"date":"2021-07-08T07:39:00","date_gmt":"2021-07-08T07:39:00","guid":{"rendered":"https:\/\/efaxstg.wpengine.com\/?p=297"},"modified":"2023-03-27T17:05:29","modified_gmt":"2023-03-27T17:05:29","slug":"les-mains-d-oeuvre-hybrides-sont-elles-la-pour-durer","status":"publish","type":"post","link":"https:\/\/ww2.efax.com\/fr\/blog\/les-mains-d-oeuvre-hybrides-sont-elles-la-pour-durer","title":{"rendered":"Les mains-d\u2019\u0153uvre hybrides sont-elles l\u00e0 pour durer ? R\u00e9sultats d\u2019une recherche men\u00e9e sur des d\u00e9cideurs cl\u00e9s"},"content":{"rendered":"\t\t<div data-elementor-type=\"wp-post\" data-elementor-id=\"297\" class=\"elementor elementor-297\" data-elementor-post-type=\"post\">\n\t\t\t\t\t\t<section class=\"elementor-section elementor-top-section elementor-element elementor-element-31490de elementor-section-boxed elementor-section-height-default elementor-section-height-default\" data-id=\"31490de\" data-element_type=\"section\" data-e-type=\"section\">\n\t\t\t\t\t\t<div class=\"elementor-container elementor-column-gap-default\">\n\t\t\t\t\t<div class=\"elementor-column elementor-col-50 elementor-top-column elementor-element elementor-element-6a4a0f8\" data-id=\"6a4a0f8\" data-element_type=\"column\" data-e-type=\"column\">\n\t\t\t<div class=\"elementor-widget-wrap elementor-element-populated\">\n\t\t\t\t\t\t<div class=\"elementor-element elementor-element-c00071c elementor-widget elementor-widget-heading\" data-id=\"c00071c\" data-element_type=\"widget\" data-e-type=\"widget\" data-widget_type=\"heading.default\">\n\t\t\t\t<div class=\"elementor-widget-container\">\n\t\t\t\t\t<p class=\"elementor-heading-title elementor-size-default\">Depuis l\u2019apparition de la pand\u00e9mie, la plupart des employ\u00e9s de l\u2019UE qui travaillaient auparavant dans des bureaux ont \u00e9t\u00e9 contraints de travailler de chez eux. Le basculement majeur vers le travail \u00e0 distance a \u00e9t\u00e9 rendu possible par le d\u00e9veloppement des outils technologiques, comme les services de fax en ligne et les applications de vid\u00e9oconf\u00e9rence, qui ont fourni toutes les fonctionnalit\u00e9s utilis\u00e9es lors du travail en pr\u00e9sentiel, avec souvent plus d\u2019avantages encore. Maintenant que de nombreuses entreprises sont d\u00e9sormais en mesure de faire revenir les talents sur le lieu de travail, l\u2019\u00e9tape suivante consiste en premier lieu \u00e0 se demander o\u00f9 la main-d\u2019\u0153uvre sera bas\u00e9e sur le long terme. eFax a interrog\u00e9 des responsables informatiques britanniques sur le mod\u00e8le de main-d\u2019\u0153uvre hybride. Voici les r\u00e9sultats :\n\n<\/p>\t\t\t\t<\/div>\n\t\t\t\t<\/div>\n\t\t\t\t<div class=\"elementor-element elementor-element-076f734 elementor-widget elementor-widget-heading\" data-id=\"076f734\" data-element_type=\"widget\" data-e-type=\"widget\" data-widget_type=\"heading.default\">\n\t\t\t\t<div class=\"elementor-widget-container\">\n\t\t\t\t\t<p class=\"elementor-heading-title elementor-size-default\">Transition vers un mod\u00e8le de travail hybride<\/p>\t\t\t\t<\/div>\n\t\t\t\t<\/div>\n\t\t\t\t\t<\/div>\n\t\t<\/div>\n\t\t\t\t<div class=\"elementor-column elementor-col-50 elementor-top-column elementor-element elementor-element-81897c2\" data-id=\"81897c2\" data-element_type=\"column\" data-e-type=\"column\">\n\t\t\t<div class=\"elementor-widget-wrap elementor-element-populated\">\n\t\t\t\t\t\t<div class=\"elementor-element elementor-element-7936e68 elementor-widget elementor-widget-image\" data-id=\"7936e68\" data-element_type=\"widget\" data-e-type=\"widget\" data-widget_type=\"image.default\">\n\t\t\t\t<div class=\"elementor-widget-container\">\n\t\t\t\t\t\t\t\t\t\t\t\t\t\t\t<img fetchpriority=\"high\" decoding=\"async\" width=\"500\" height=\"333\" src=\"https:\/\/ww2.efax.com\/fr\/wp-content\/uploads\/sites\/11\/2017\/07\/work-at-home.png\" class=\"attachment-large size-large wp-image-1089\" alt=\"\" srcset=\"https:\/\/ww2.efax.com\/fr\/wp-content\/uploads\/sites\/11\/2017\/07\/work-at-home.png 500w, https:\/\/ww2.efax.com\/fr\/wp-content\/uploads\/sites\/11\/2017\/07\/work-at-home-300x200.png 300w\" sizes=\"(max-width: 500px) 100vw, 500px\" \/>\t\t\t\t\t\t\t\t\t\t\t\t\t\t\t<\/div>\n\t\t\t\t<\/div>\n\t\t\t\t\t<\/div>\n\t\t<\/div>\n\t\t\t\t\t<\/div>\n\t\t<\/section>\n\t\t\t\t<section class=\"elementor-section elementor-top-section elementor-element elementor-element-455a4b7 elementor-section-boxed elementor-section-height-default elementor-section-height-default\" data-id=\"455a4b7\" data-element_type=\"section\" data-e-type=\"section\">\n\t\t\t\t\t\t<div class=\"elementor-container elementor-column-gap-default\">\n\t\t\t\t\t<div class=\"elementor-column elementor-col-100 elementor-top-column elementor-element elementor-element-fba7aa1\" data-id=\"fba7aa1\" data-element_type=\"column\" data-e-type=\"column\">\n\t\t\t<div class=\"elementor-widget-wrap elementor-element-populated\">\n\t\t\t\t\t\t<div class=\"elementor-element elementor-element-7b1c8b3 elementor-widget elementor-widget-heading\" data-id=\"7b1c8b3\" data-element_type=\"widget\" data-e-type=\"widget\" data-widget_type=\"heading.default\">\n\t\t\t\t<div class=\"elementor-widget-container\">\n\t\t\t\t\t<p class=\"elementor-heading-title elementor-size-default\">Les initiatives de transformation num\u00e9rique ont permis aux organisations de faire basculer une grande partie de leur main-d\u2019\u0153uvre vers le travail \u00e0 distance. Les t\u00e9l\u00e9copieurs de bureau ont \u00e9t\u00e9 remplac\u00e9s par des services de fax en ligne, tandis que les visioconf\u00e9rences se sont substitu\u00e9es aux r\u00e9unions en personne, permettant aux employ\u00e9s de travailler \u00e0 distance sans limitation. Cela a tr\u00e8s bien fonctionn\u00e9, et plus de trois quarts (76 %) des d\u00e9cideurs informatiques britanniques ont m\u00eame d\u00e9clar\u00e9 que leurs entreprises auraient pu effectuer leur transition vers une main-d\u2019\u0153uvre hybride plus t\u00f4t, s\u2019ils avaient \u00e9t\u00e9 conscients des avantages et des inconv\u00e9nients du passage \u00e0 un mod\u00e8le de travail hybride, avant le d\u00e9but de la pand\u00e9mie.\n\n<\/p>\t\t\t\t<\/div>\n\t\t\t\t<\/div>\n\t\t\t\t\t<\/div>\n\t\t<\/div>\n\t\t\t\t\t<\/div>\n\t\t<\/section>\n\t\t\t\t<section class=\"elementor-section elementor-top-section elementor-element elementor-element-36f05ac elementor-section-boxed elementor-section-height-default elementor-section-height-default\" data-id=\"36f05ac\" data-element_type=\"section\" data-e-type=\"section\">\n\t\t\t\t\t\t<div class=\"elementor-container elementor-column-gap-default\">\n\t\t\t\t\t<div class=\"elementor-column elementor-col-100 elementor-top-column elementor-element elementor-element-f6abe0e\" data-id=\"f6abe0e\" data-element_type=\"column\" data-e-type=\"column\">\n\t\t\t<div class=\"elementor-widget-wrap elementor-element-populated\">\n\t\t\t\t\t\t<div class=\"elementor-element elementor-element-dab4ea0 elementor-widget elementor-widget-heading\" data-id=\"dab4ea0\" data-element_type=\"widget\" data-e-type=\"widget\" data-widget_type=\"heading.default\">\n\t\t\t\t<div class=\"elementor-widget-container\">\n\t\t\t\t\t<p class=\"elementor-heading-title elementor-size-default\">Les entreprises devraient-elles continuer \u00e0 offrir la flexibilit\u00e9 de travailler \u00e0 distance apr\u00e8s la pand\u00e9mie ?\n<\/p>\t\t\t\t<\/div>\n\t\t\t\t<\/div>\n\t\t\t\t<div class=\"elementor-element elementor-element-e9829e5 elementor-widget elementor-widget-heading\" data-id=\"e9829e5\" data-element_type=\"widget\" data-e-type=\"widget\" data-widget_type=\"heading.default\">\n\t\t\t\t<div class=\"elementor-widget-container\">\n\t\t\t\t\t<p class=\"elementor-heading-title elementor-size-default\">Malgr\u00e9 le succ\u00e8s de ce nouveau mode de travail, les entreprises ne pr\u00e9f\u00e9reraient-elles pas que leurs employ\u00e9s soient de retour au bureau, sous leur regard vigilant ? Qu\u2019est-ce qui emp\u00eache les entreprises de forcer les employ\u00e9s \u00e0 retourner au bureau lorsque les restrictions sont enti\u00e8rement lev\u00e9es ? Dans un contexte o\u00f9 la plupart des employ\u00e9s sont d\u00e9sormais habitu\u00e9s \u00e0 la flexibilit\u00e9 de pouvoir travailler \u00e0 distance, et que de nombreux employeurs proposent d\u00e9sormais cette possibilit\u00e9 \u00e0 long terme, les entreprises qui n\u2019offrent pas une telle flexibilit\u00e9 risquent de d\u00e9courager leurs effectifs et sembler peu attractives pour les futurs talents. La moiti\u00e9 des d\u00e9cideurs informatiques britanniques (51 %) estiment que si l\u2019entreprise ne permet pas la mise en place d\u2019une main-d\u2019\u0153uvre hybride, elle risquera d\u2019\u00eatre incapable d\u2019attirer et de retenir des talents ; plus d\u2019un tiers (38 %) pensent qu\u2019elle sera alors dans l\u2019incapacit\u00e9 de s\u2019adapter \u00e0 la vie de famille. Un autre tiers des d\u00e9cideurs (34 %) pensent que cela pourrait favoriser une culture de d\u00e9sengagement parmi les employ\u00e9s. \n<\/p>\t\t\t\t<\/div>\n\t\t\t\t<\/div>\n\t\t\t\t<div class=\"elementor-element elementor-element-4f8b94c elementor-widget elementor-widget-heading\" data-id=\"4f8b94c\" data-element_type=\"widget\" data-e-type=\"widget\" data-widget_type=\"heading.default\">\n\t\t\t\t<div class=\"elementor-widget-container\">\n\t\t\t\t\t<p class=\"elementor-heading-title elementor-size-default\">Il semble \u00e9vident que les entreprises ont profit\u00e9 du succ\u00e8s d\u2019un mod\u00e8le de main-d\u2019\u0153uvre hybride, rendu possible par leurs initiatives de transformation num\u00e9rique. M\u00eame si de nombreux employ\u00e9s choisiront peut-\u00eatre de retourner au bureau, la possibilit\u00e9 de travailler \u00e0 distance est une excellente option pour ceux qui souhaitent y avoir recours. La main-d\u2019\u0153uvre hybride est l\u00e0 pour durer.\n\n<\/p>\t\t\t\t<\/div>\n\t\t\t\t<\/div>\n\t\t\t\t\t<\/div>\n\t\t<\/div>\n\t\t\t\t\t<\/div>\n\t\t<\/section>\n\t\t\t\t<\/div>\n\t\t","protected":false},"excerpt":{"rendered":"<p class=\"mb-10\">\nDepuis l\u2019apparition de la pand\u00e9mie, la plupart des employ\u00e9s de l\u2019UE qui travaillaient auparavant dans des bureaux ont \u00e9t\u00e9 contraints de travailler de chez eux. Le basculement majeur vers le travail \u00e0 distance a \u00e9t\u00e9 rendu possible par le d\u00e9veloppement des outils technologiques, comme les services de fax en ligne et les applications de vid\u00e9oconf\u00e9rence, qui ont fourni toutes les fonctionnalit\u00e9s utilis\u00e9es lors du travail en pr\u00e9sentiel, avec souvent plus d\u2019avantages encore.<\/p>\n","protected":false},"author":1,"featured_media":1089,"comment_status":"open","ping_status":"open","sticky":false,"template":"","format":"standard","meta":{"_acf_changed":false,"footnotes":""},"categories":[1],"tags":[],"class_list":["post-297","post","type-post","status-publish","format-standard","has-post-thumbnail","hentry","category-uncategorized"],"acf":[],"yoast_head":"<!-- This site is optimized with the Yoast SEO plugin v27.4 - https:\/\/yoast.com\/product\/yoast-seo-wordpress\/ -->\n<title>L&#039;avenir du travail hybride en question - R\u00e9sultats d&#039;une enqu\u00eate aupr\u00e8s des d\u00e9cideurs cl\u00e9s<\/title>\n<meta name=\"description\" content=\"Travail \u00e0 distance en Europe : enqu\u00eate sur le mod\u00e8le de main-d&#039;\u0153uvre hybride et sa durabilit\u00e9. D\u00e9couvrez les r\u00e9sultats de l&#039;\u00e9tude d&#039;eFax aupr\u00e8s des responsables informatiques sur cette tendance en constante \u00e9volution.\" \/>\n<meta name=\"robots\" content=\"index, follow, max-snippet:-1, max-image-preview:large, max-video-preview:-1\" \/>\n<link rel=\"canonical\" href=\"https:\/\/ww2.efax.com\/fr\/blog\/les-mains-d-oeuvre-hybrides-sont-elles-la-pour-durer\" \/>\n<meta property=\"og:locale\" content=\"en_US\" \/>\n<meta property=\"og:type\" content=\"article\" \/>\n<meta property=\"og:title\" content=\"L&#039;avenir du travail hybride en question - R\u00e9sultats d&#039;une enqu\u00eate aupr\u00e8s des d\u00e9cideurs cl\u00e9s\" \/>\n<meta property=\"og:description\" content=\"Travail \u00e0 distance en Europe : enqu\u00eate sur le mod\u00e8le de main-d&#039;\u0153uvre hybride et sa durabilit\u00e9. D\u00e9couvrez les r\u00e9sultats de l&#039;\u00e9tude d&#039;eFax aupr\u00e8s des responsables informatiques sur cette tendance en constante \u00e9volution.\" \/>\n<meta property=\"og:url\" content=\"https:\/\/ww2.efax.com\/fr\/blog\/les-mains-d-oeuvre-hybrides-sont-elles-la-pour-durer\" \/>\n<meta property=\"og:site_name\" content=\"eFax FR\" \/>\n<meta property=\"article:published_time\" content=\"2021-07-08T07:39:00+00:00\" \/>\n<meta property=\"article:modified_time\" content=\"2023-03-27T17:05:29+00:00\" \/>\n<meta property=\"og:image\" content=\"https:\/\/ww2.efax.com\/fr\/wp-content\/uploads\/sites\/11\/2017\/07\/work-at-home.png\" \/>\n\t<meta property=\"og:image:width\" content=\"500\" \/>\n\t<meta property=\"og:image:height\" content=\"333\" \/>\n\t<meta property=\"og:image:type\" content=\"image\/png\" \/>\n<meta name=\"author\" content=\"Scott Schweigert\" \/>\n<meta name=\"twitter:card\" content=\"summary_large_image\" \/>\n<meta name=\"twitter:label1\" content=\"Written by\" \/>\n\t<meta name=\"twitter:data1\" content=\"Scott Schweigert\" \/>\n\t<meta name=\"twitter:label2\" content=\"Est. reading time\" \/>\n\t<meta name=\"twitter:data2\" content=\"3 minutes\" \/>\n<script type=\"application\/ld+json\" class=\"yoast-schema-graph\">{\"@context\":\"https:\\\/\\\/schema.org\",\"@graph\":[{\"@type\":\"Article\",\"@id\":\"https:\\\/\\\/ww2.efax.com\\\/fr\\\/blog\\\/les-mains-d-oeuvre-hybrides-sont-elles-la-pour-durer#article\",\"isPartOf\":{\"@id\":\"https:\\\/\\\/ww2.efax.com\\\/fr\\\/blog\\\/les-mains-d-oeuvre-hybrides-sont-elles-la-pour-durer\"},\"author\":{\"name\":\"Scott Schweigert\",\"@id\":\"https:\\\/\\\/ww2.efax.com\\\/fr\\\/#\\\/schema\\\/person\\\/cb3188fe7d58cc629d3a2f5ce3b4f3ec\"},\"headline\":\"Les mains-d\u2019\u0153uvre hybrides sont-elles l\u00e0 pour durer ? R\u00e9sultats d\u2019une recherche men\u00e9e sur des d\u00e9cideurs cl\u00e9s\",\"datePublished\":\"2021-07-08T07:39:00+00:00\",\"dateModified\":\"2023-03-27T17:05:29+00:00\",\"mainEntityOfPage\":{\"@id\":\"https:\\\/\\\/ww2.efax.com\\\/fr\\\/blog\\\/les-mains-d-oeuvre-hybrides-sont-elles-la-pour-durer\"},\"wordCount\":562,\"commentCount\":0,\"publisher\":{\"@id\":\"https:\\\/\\\/ww2.efax.com\\\/fr\\\/#organization\"},\"image\":{\"@id\":\"https:\\\/\\\/ww2.efax.com\\\/fr\\\/blog\\\/les-mains-d-oeuvre-hybrides-sont-elles-la-pour-durer#primaryimage\"},\"thumbnailUrl\":\"https:\\\/\\\/ww2.efax.com\\\/fr\\\/wp-content\\\/uploads\\\/sites\\\/11\\\/2017\\\/07\\\/work-at-home.png\",\"inLanguage\":\"en-US\",\"potentialAction\":[{\"@type\":\"CommentAction\",\"name\":\"Comment\",\"target\":[\"https:\\\/\\\/ww2.efax.com\\\/fr\\\/blog\\\/les-mains-d-oeuvre-hybrides-sont-elles-la-pour-durer#respond\"]}]},{\"@type\":\"WebPage\",\"@id\":\"https:\\\/\\\/ww2.efax.com\\\/fr\\\/blog\\\/les-mains-d-oeuvre-hybrides-sont-elles-la-pour-durer\",\"url\":\"https:\\\/\\\/ww2.efax.com\\\/fr\\\/blog\\\/les-mains-d-oeuvre-hybrides-sont-elles-la-pour-durer\",\"name\":\"L'avenir du travail hybride en question - R\u00e9sultats d'une enqu\u00eate aupr\u00e8s des d\u00e9cideurs cl\u00e9s\",\"isPartOf\":{\"@id\":\"https:\\\/\\\/ww2.efax.com\\\/fr\\\/#website\"},\"primaryImageOfPage\":{\"@id\":\"https:\\\/\\\/ww2.efax.com\\\/fr\\\/blog\\\/les-mains-d-oeuvre-hybrides-sont-elles-la-pour-durer#primaryimage\"},\"image\":{\"@id\":\"https:\\\/\\\/ww2.efax.com\\\/fr\\\/blog\\\/les-mains-d-oeuvre-hybrides-sont-elles-la-pour-durer#primaryimage\"},\"thumbnailUrl\":\"https:\\\/\\\/ww2.efax.com\\\/fr\\\/wp-content\\\/uploads\\\/sites\\\/11\\\/2017\\\/07\\\/work-at-home.png\",\"datePublished\":\"2021-07-08T07:39:00+00:00\",\"dateModified\":\"2023-03-27T17:05:29+00:00\",\"description\":\"Travail \u00e0 distance en Europe : enqu\u00eate sur le mod\u00e8le de main-d'\u0153uvre hybride et sa durabilit\u00e9. D\u00e9couvrez les r\u00e9sultats de l'\u00e9tude d'eFax aupr\u00e8s des responsables informatiques sur cette tendance en constante \u00e9volution.\",\"breadcrumb\":{\"@id\":\"https:\\\/\\\/ww2.efax.com\\\/fr\\\/blog\\\/les-mains-d-oeuvre-hybrides-sont-elles-la-pour-durer#breadcrumb\"},\"inLanguage\":\"en-US\",\"potentialAction\":[{\"@type\":\"ReadAction\",\"target\":[\"https:\\\/\\\/ww2.efax.com\\\/fr\\\/blog\\\/les-mains-d-oeuvre-hybrides-sont-elles-la-pour-durer\"]}]},{\"@type\":\"ImageObject\",\"inLanguage\":\"en-US\",\"@id\":\"https:\\\/\\\/ww2.efax.com\\\/fr\\\/blog\\\/les-mains-d-oeuvre-hybrides-sont-elles-la-pour-durer#primaryimage\",\"url\":\"https:\\\/\\\/ww2.efax.com\\\/fr\\\/wp-content\\\/uploads\\\/sites\\\/11\\\/2017\\\/07\\\/work-at-home.png\",\"contentUrl\":\"https:\\\/\\\/ww2.efax.com\\\/fr\\\/wp-content\\\/uploads\\\/sites\\\/11\\\/2017\\\/07\\\/work-at-home.png\",\"width\":500,\"height\":333},{\"@type\":\"BreadcrumbList\",\"@id\":\"https:\\\/\\\/ww2.efax.com\\\/fr\\\/blog\\\/les-mains-d-oeuvre-hybrides-sont-elles-la-pour-durer#breadcrumb\",\"itemListElement\":[{\"@type\":\"ListItem\",\"position\":1,\"name\":\"Home\",\"item\":\"https:\\\/\\\/ww2.efax.com\\\/fr\\\/\"},{\"@type\":\"ListItem\",\"position\":2,\"name\":\"Les mains-d\u2019\u0153uvre hybrides sont-elles l\u00e0 pour durer ? R\u00e9sultats d\u2019une recherche men\u00e9e sur des d\u00e9cideurs cl\u00e9s\"}]},{\"@type\":\"WebSite\",\"@id\":\"https:\\\/\\\/ww2.efax.com\\\/fr\\\/#website\",\"url\":\"https:\\\/\\\/ww2.efax.com\\\/fr\\\/\",\"name\":\"eFax FR\",\"description\":\"Just another eFax site\",\"publisher\":{\"@id\":\"https:\\\/\\\/ww2.efax.com\\\/fr\\\/#organization\"},\"potentialAction\":[{\"@type\":\"SearchAction\",\"target\":{\"@type\":\"EntryPoint\",\"urlTemplate\":\"https:\\\/\\\/ww2.efax.com\\\/fr\\\/?s={search_term_string}\"},\"query-input\":{\"@type\":\"PropertyValueSpecification\",\"valueRequired\":true,\"valueName\":\"search_term_string\"}}],\"inLanguage\":\"en-US\"},{\"@type\":\"Organization\",\"@id\":\"https:\\\/\\\/ww2.efax.com\\\/fr\\\/#organization\",\"name\":\"eFax FR\",\"url\":\"https:\\\/\\\/ww2.efax.com\\\/fr\\\/\",\"logo\":{\"@type\":\"ImageObject\",\"inLanguage\":\"en-US\",\"@id\":\"https:\\\/\\\/ww2.efax.com\\\/fr\\\/#\\\/schema\\\/logo\\\/image\\\/\",\"url\":\"https:\\\/\\\/ww2.efax.com\\\/fr\\\/wp-content\\\/uploads\\\/sites\\\/11\\\/2022\\\/01\\\/logo-efax.png\",\"contentUrl\":\"https:\\\/\\\/ww2.efax.com\\\/fr\\\/wp-content\\\/uploads\\\/sites\\\/11\\\/2022\\\/01\\\/logo-efax.png\",\"width\":2370,\"height\":749,\"caption\":\"eFax FR\"},\"image\":{\"@id\":\"https:\\\/\\\/ww2.efax.com\\\/fr\\\/#\\\/schema\\\/logo\\\/image\\\/\"}},{\"@type\":\"Person\",\"@id\":\"https:\\\/\\\/ww2.efax.com\\\/fr\\\/#\\\/schema\\\/person\\\/cb3188fe7d58cc629d3a2f5ce3b4f3ec\",\"name\":\"Scott Schweigert\",\"image\":{\"@type\":\"ImageObject\",\"inLanguage\":\"en-US\",\"@id\":\"https:\\\/\\\/secure.gravatar.com\\\/avatar\\\/563799c5bb366991a8301765d7ed3b519e98f6c07545de4b8f495a030201e1f7?s=96&d=mm&r=g\",\"url\":\"https:\\\/\\\/secure.gravatar.com\\\/avatar\\\/563799c5bb366991a8301765d7ed3b519e98f6c07545de4b8f495a030201e1f7?s=96&d=mm&r=g\",\"contentUrl\":\"https:\\\/\\\/secure.gravatar.com\\\/avatar\\\/563799c5bb366991a8301765d7ed3b519e98f6c07545de4b8f495a030201e1f7?s=96&d=mm&r=g\",\"caption\":\"Scott Schweigert\"},\"sameAs\":[\"https:\\\/\\\/ww2.efax.com\"]}]}<\/script>\n<!-- \/ Yoast SEO plugin. -->","yoast_head_json":{"title":"L'avenir du travail hybride en question - R\u00e9sultats d'une enqu\u00eate aupr\u00e8s des d\u00e9cideurs cl\u00e9s","description":"Travail \u00e0 distance en Europe : enqu\u00eate sur le mod\u00e8le de main-d'\u0153uvre hybride et sa durabilit\u00e9. D\u00e9couvrez les r\u00e9sultats de l'\u00e9tude d'eFax aupr\u00e8s des responsables informatiques sur cette tendance en constante \u00e9volution.","robots":{"index":"index","follow":"follow","max-snippet":"max-snippet:-1","max-image-preview":"max-image-preview:large","max-video-preview":"max-video-preview:-1"},"canonical":"https:\/\/ww2.efax.com\/fr\/blog\/les-mains-d-oeuvre-hybrides-sont-elles-la-pour-durer","og_locale":"en_US","og_type":"article","og_title":"L'avenir du travail hybride en question - R\u00e9sultats d'une enqu\u00eate aupr\u00e8s des d\u00e9cideurs cl\u00e9s","og_description":"Travail \u00e0 distance en Europe : enqu\u00eate sur le mod\u00e8le de main-d'\u0153uvre hybride et sa durabilit\u00e9. D\u00e9couvrez les r\u00e9sultats de l'\u00e9tude d'eFax aupr\u00e8s des responsables informatiques sur cette tendance en constante \u00e9volution.","og_url":"https:\/\/ww2.efax.com\/fr\/blog\/les-mains-d-oeuvre-hybrides-sont-elles-la-pour-durer","og_site_name":"eFax FR","article_published_time":"2021-07-08T07:39:00+00:00","article_modified_time":"2023-03-27T17:05:29+00:00","og_image":[{"width":500,"height":333,"url":"https:\/\/ww2.efax.com\/fr\/wp-content\/uploads\/sites\/11\/2017\/07\/work-at-home.png","type":"image\/png"}],"author":"Scott Schweigert","twitter_card":"summary_large_image","twitter_misc":{"Written by":"Scott Schweigert","Est. reading time":"3 minutes"},"schema":{"@context":"https:\/\/schema.org","@graph":[{"@type":"Article","@id":"https:\/\/ww2.efax.com\/fr\/blog\/les-mains-d-oeuvre-hybrides-sont-elles-la-pour-durer#article","isPartOf":{"@id":"https:\/\/ww2.efax.com\/fr\/blog\/les-mains-d-oeuvre-hybrides-sont-elles-la-pour-durer"},"author":{"name":"Scott Schweigert","@id":"https:\/\/ww2.efax.com\/fr\/#\/schema\/person\/cb3188fe7d58cc629d3a2f5ce3b4f3ec"},"headline":"Les mains-d\u2019\u0153uvre hybrides sont-elles l\u00e0 pour durer ? R\u00e9sultats d\u2019une recherche men\u00e9e sur des d\u00e9cideurs cl\u00e9s","datePublished":"2021-07-08T07:39:00+00:00","dateModified":"2023-03-27T17:05:29+00:00","mainEntityOfPage":{"@id":"https:\/\/ww2.efax.com\/fr\/blog\/les-mains-d-oeuvre-hybrides-sont-elles-la-pour-durer"},"wordCount":562,"commentCount":0,"publisher":{"@id":"https:\/\/ww2.efax.com\/fr\/#organization"},"image":{"@id":"https:\/\/ww2.efax.com\/fr\/blog\/les-mains-d-oeuvre-hybrides-sont-elles-la-pour-durer#primaryimage"},"thumbnailUrl":"https:\/\/ww2.efax.com\/fr\/wp-content\/uploads\/sites\/11\/2017\/07\/work-at-home.png","inLanguage":"en-US","potentialAction":[{"@type":"CommentAction","name":"Comment","target":["https:\/\/ww2.efax.com\/fr\/blog\/les-mains-d-oeuvre-hybrides-sont-elles-la-pour-durer#respond"]}]},{"@type":"WebPage","@id":"https:\/\/ww2.efax.com\/fr\/blog\/les-mains-d-oeuvre-hybrides-sont-elles-la-pour-durer","url":"https:\/\/ww2.efax.com\/fr\/blog\/les-mains-d-oeuvre-hybrides-sont-elles-la-pour-durer","name":"L'avenir du travail hybride en question - R\u00e9sultats d'une enqu\u00eate aupr\u00e8s des d\u00e9cideurs cl\u00e9s","isPartOf":{"@id":"https:\/\/ww2.efax.com\/fr\/#website"},"primaryImageOfPage":{"@id":"https:\/\/ww2.efax.com\/fr\/blog\/les-mains-d-oeuvre-hybrides-sont-elles-la-pour-durer#primaryimage"},"image":{"@id":"https:\/\/ww2.efax.com\/fr\/blog\/les-mains-d-oeuvre-hybrides-sont-elles-la-pour-durer#primaryimage"},"thumbnailUrl":"https:\/\/ww2.efax.com\/fr\/wp-content\/uploads\/sites\/11\/2017\/07\/work-at-home.png","datePublished":"2021-07-08T07:39:00+00:00","dateModified":"2023-03-27T17:05:29+00:00","description":"Travail \u00e0 distance en Europe : enqu\u00eate sur le mod\u00e8le de main-d'\u0153uvre hybride et sa durabilit\u00e9. D\u00e9couvrez les r\u00e9sultats de l'\u00e9tude d'eFax aupr\u00e8s des responsables informatiques sur cette tendance en constante \u00e9volution.","breadcrumb":{"@id":"https:\/\/ww2.efax.com\/fr\/blog\/les-mains-d-oeuvre-hybrides-sont-elles-la-pour-durer#breadcrumb"},"inLanguage":"en-US","potentialAction":[{"@type":"ReadAction","target":["https:\/\/ww2.efax.com\/fr\/blog\/les-mains-d-oeuvre-hybrides-sont-elles-la-pour-durer"]}]},{"@type":"ImageObject","inLanguage":"en-US","@id":"https:\/\/ww2.efax.com\/fr\/blog\/les-mains-d-oeuvre-hybrides-sont-elles-la-pour-durer#primaryimage","url":"https:\/\/ww2.efax.com\/fr\/wp-content\/uploads\/sites\/11\/2017\/07\/work-at-home.png","contentUrl":"https:\/\/ww2.efax.com\/fr\/wp-content\/uploads\/sites\/11\/2017\/07\/work-at-home.png","width":500,"height":333},{"@type":"BreadcrumbList","@id":"https:\/\/ww2.efax.com\/fr\/blog\/les-mains-d-oeuvre-hybrides-sont-elles-la-pour-durer#breadcrumb","itemListElement":[{"@type":"ListItem","position":1,"name":"Home","item":"https:\/\/ww2.efax.com\/fr\/"},{"@type":"ListItem","position":2,"name":"Les mains-d\u2019\u0153uvre hybrides sont-elles l\u00e0 pour durer ? R\u00e9sultats d\u2019une recherche men\u00e9e sur des d\u00e9cideurs cl\u00e9s"}]},{"@type":"WebSite","@id":"https:\/\/ww2.efax.com\/fr\/#website","url":"https:\/\/ww2.efax.com\/fr\/","name":"eFax FR","description":"Just another eFax site","publisher":{"@id":"https:\/\/ww2.efax.com\/fr\/#organization"},"potentialAction":[{"@type":"SearchAction","target":{"@type":"EntryPoint","urlTemplate":"https:\/\/ww2.efax.com\/fr\/?s={search_term_string}"},"query-input":{"@type":"PropertyValueSpecification","valueRequired":true,"valueName":"search_term_string"}}],"inLanguage":"en-US"},{"@type":"Organization","@id":"https:\/\/ww2.efax.com\/fr\/#organization","name":"eFax FR","url":"https:\/\/ww2.efax.com\/fr\/","logo":{"@type":"ImageObject","inLanguage":"en-US","@id":"https:\/\/ww2.efax.com\/fr\/#\/schema\/logo\/image\/","url":"https:\/\/ww2.efax.com\/fr\/wp-content\/uploads\/sites\/11\/2022\/01\/logo-efax.png","contentUrl":"https:\/\/ww2.efax.com\/fr\/wp-content\/uploads\/sites\/11\/2022\/01\/logo-efax.png","width":2370,"height":749,"caption":"eFax FR"},"image":{"@id":"https:\/\/ww2.efax.com\/fr\/#\/schema\/logo\/image\/"}},{"@type":"Person","@id":"https:\/\/ww2.efax.com\/fr\/#\/schema\/person\/cb3188fe7d58cc629d3a2f5ce3b4f3ec","name":"Scott Schweigert","image":{"@type":"ImageObject","inLanguage":"en-US","@id":"https:\/\/secure.gravatar.com\/avatar\/563799c5bb366991a8301765d7ed3b519e98f6c07545de4b8f495a030201e1f7?s=96&d=mm&r=g","url":"https:\/\/secure.gravatar.com\/avatar\/563799c5bb366991a8301765d7ed3b519e98f6c07545de4b8f495a030201e1f7?s=96&d=mm&r=g","contentUrl":"https:\/\/secure.gravatar.com\/avatar\/563799c5bb366991a8301765d7ed3b519e98f6c07545de4b8f495a030201e1f7?s=96&d=mm&r=g","caption":"Scott Schweigert"},"sameAs":["https:\/\/ww2.efax.com"]}]}},"_links":{"self":[{"href":"https:\/\/ww2.efax.com\/fr\/wp-json\/wp\/v2\/posts\/297","targetHints":{"allow":["GET"]}}],"collection":[{"href":"https:\/\/ww2.efax.com\/fr\/wp-json\/wp\/v2\/posts"}],"about":[{"href":"https:\/\/ww2.efax.com\/fr\/wp-json\/wp\/v2\/types\/post"}],"author":[{"embeddable":true,"href":"https:\/\/ww2.efax.com\/fr\/wp-json\/wp\/v2\/users\/1"}],"replies":[{"embeddable":true,"href":"https:\/\/ww2.efax.com\/fr\/wp-json\/wp\/v2\/comments?post=297"}],"version-history":[{"count":0,"href":"https:\/\/ww2.efax.com\/fr\/wp-json\/wp\/v2\/posts\/297\/revisions"}],"wp:featuredmedia":[{"embeddable":true,"href":"https:\/\/ww2.efax.com\/fr\/wp-json\/wp\/v2\/media\/1089"}],"wp:attachment":[{"href":"https:\/\/ww2.efax.com\/fr\/wp-json\/wp\/v2\/media?parent=297"}],"wp:term":[{"taxonomy":"category","embeddable":true,"href":"https:\/\/ww2.efax.com\/fr\/wp-json\/wp\/v2\/categories?post=297"},{"taxonomy":"post_tag","embeddable":true,"href":"https:\/\/ww2.efax.com\/fr\/wp-json\/wp\/v2\/tags?post=297"}],"curies":[{"name":"wp","href":"https:\/\/api.w.org\/{rel}","templated":true}]}}